{"id":1055,"date":"2025-03-25T18:37:53","date_gmt":"2025-03-25T17:37:53","guid":{"rendered":"https:\/\/serresdebelair.fr\/?p=1055"},"modified":"2025-03-25T18:37:54","modified_gmt":"2025-03-25T17:37:54","slug":"bonjour-a-toutes-je-vous-invite-a-venir-decouvrir-la-nouvelle-collection-printemps-ete-mazelie-des-chaussures-belles-et-stylees-mais-avant-tout-confortables-et-durables-et-des-accessoires-tendance","status":"publish","type":"post","link":"https:\/\/serresdebelair.fr\/index.php\/2025\/03\/25\/bonjour-a-toutes-je-vous-invite-a-venir-decouvrir-la-nouvelle-collection-printemps-ete-mazelie-des-chaussures-belles-et-stylees-mais-avant-tout-confortables-et-durables-et-des-accessoires-tendance\/","title":{"rendered":"Bonjour \u00e0 toutes, je vous invite \u00e0 venir d\u00e9couvrir la nouvelle collection Printemps \u00c9t\u00e9 Maz\u00e9lie, des chaussures belles et styl\u00e9es mais avant tout confortables et durables et des accessoires tendance."},"content":{"rendered":"\n<p class=\"has-text-align-center has-black-color has-text-color has-link-color has-medium-font-size wp-elements-1 wp-block-paragraph\">Venez \u00e9galement d\u00e9couvrir les diff\u00e9rents univers de Alia Nature.<\/p>\n\n\n\n<p class=\"has-text-align-center has-black-color has-text-color has-link-color has-medium-font-size wp-elements-2 wp-block-paragraph\"><img loading=\"lazy\" decoding=\"async\" height=\"16\" width=\"16\" alt=\"\ud83c\udf38\" src=\"https:\/\/static.xx.fbcdn.net\/images\/emoji.php\/v9\/tf0\/1\/16\/1f338.png\"> Des eaux de parfums de qualit\u00e9 les Petites Essences \u00e0 prix doux, r\u00e9alis\u00e9es avec des concentr\u00e9s issus de Grasse.<\/p>\n\n\n\n<p class=\"has-text-align-center has-black-color has-text-color has-link-color has-medium-font-size wp-elements-3 wp-block-paragraph\"><img loading=\"lazy\" decoding=\"async\" height=\"16\" width=\"16\" alt=\"\ud83c\udf38\" src=\"https:\/\/static.xx.fbcdn.net\/images\/emoji.php\/v9\/tf0\/1\/16\/1f338.png\"> Des bougies 100% v\u00e9g\u00e9tales et 100% fabriqu\u00e9es en France, garanties sans OGM et sans additif.<\/p>\n\n\n\n<p class=\"has-text-align-center has-black-color has-text-color has-link-color has-medium-font-size wp-elements-4 wp-block-paragraph\"><img loading=\"lazy\" decoding=\"async\" height=\"16\" width=\"16\" alt=\"\ud83c\udf38\" src=\"https:\/\/static.xx.fbcdn.net\/images\/emoji.php\/v9\/tf0\/1\/16\/1f338.png\"> Des bijoux de qualit\u00e9 et originaux \u00e0 travers 4 marques Zabok, Carasaga, Lys Or et Les Perles de Philippine.<\/p>\n\n\n\n<p class=\"has-text-align-center has-black-color has-text-color has-link-color has-medium-font-size wp-elements-5 wp-block-paragraph\"><img loading=\"lazy\" decoding=\"async\" height=\"16\" width=\"16\" alt=\"\ud83c\udf38\" src=\"https:\/\/static.xx.fbcdn.net\/images\/emoji.php\/v9\/tf0\/1\/16\/1f338.png\"> De la d\u00e9coration d\u2019int\u00e9rieur \u00e0 travers les D\u00e9cos d\u2019Axelle<\/p>\n\n\n\n<p class=\"has-text-align-center has-black-color has-text-color has-link-color has-medium-font-size wp-elements-6 wp-block-paragraph\"><img loading=\"lazy\" decoding=\"async\" height=\"16\" width=\"16\" alt=\"\ud83c\udf38\" src=\"https:\/\/static.xx.fbcdn.net\/images\/emoji.php\/v9\/tf0\/1\/16\/1f338.png\"> La marque EnJo pour une maison saine avec juste des fibres et de l\u2019eau ( fabriqu\u00e9es en Autriche)<\/p>\n\n\n\n<p class=\"has-text-align-center has-black-color has-text-color has-link-color has-medium-font-size wp-elements-7 wp-block-paragraph\"><img loading=\"lazy\" decoding=\"async\" height=\"16\" width=\"16\" alt=\"\ud83c\udf38\" src=\"https:\/\/static.xx.fbcdn.net\/images\/emoji.php\/v9\/tf0\/1\/16\/1f338.png\"> Des produits cosm\u00e9tiques naturels de la marque IdBelle, 95% d\u2019ingr\u00e9dients naturels et jusqu\u2019\u00e0 94% d\u2019ingr\u00e9dients bio, labellis\u00e9s Solu\u2019Bio.<\/p>\n\n\n\n<p class=\"has-text-align-center has-black-color has-text-color has-link-color has-medium-font-size wp-elements-8 wp-block-paragraph\"><img loading=\"lazy\" decoding=\"async\" height=\"16\" width=\"16\" alt=\"\ud83c\udf38\" src=\"https:\/\/static.xx.fbcdn.net\/images\/emoji.php\/v9\/tf0\/1\/16\/1f338.png\"> Les cosm\u00e9tiques DIY \u00e0 faire soi-m\u00eame \u00e0 partir de produits naturels.<\/p>\n\n\n\n<p class=\"has-text-align-center has-black-color has-text-color has-link-color has-medium-font-size wp-elements-9 wp-block-paragraph\"><img loading=\"lazy\" decoding=\"async\" height=\"16\" width=\"16\" alt=\"\ud83c\udf38\" src=\"https:\/\/static.xx.fbcdn.net\/images\/emoji.php\/v9\/tf0\/1\/16\/1f338.png\"> Les compl\u00e9ments alimentaires IdBelle, des g\u00e9lules 100% naturelles et vegan.<\/p>\n\n\n\n<p class=\"has-text-align-center has-black-color has-text-color has-link-color has-medium-font-size wp-elements-10 wp-block-paragraph\"><img loading=\"lazy\" decoding=\"async\" height=\"16\" width=\"16\" alt=\"\ud83c\udf38\" src=\"https:\/\/static.xx.fbcdn.net\/images\/emoji.php\/v9\/tf0\/1\/16\/1f338.png\"> Les Th\u00e9s de chez Astth\u00e9ya, des th\u00e9s de qualit\u00e9 qui vous feront voyager. Une grande s\u00e9lection d\u2019infusions bien-\u00eatre, de fruits, des rooibos, des th\u00e9s first class et des th\u00e9s parfum\u00e9s.<\/p>\n\n\n\n<p class=\"has-text-align-center has-black-color has-text-color has-link-color has-medium-font-size wp-elements-11 wp-block-paragraph\">Pour d\u00e9couvrir tous ces beaux produits, je vous donne rendez-vous aux Serres de Bel Air le samedi 29 mars de 9h30 \u00e0 12h et de 14h \u00e0 19h. Bon dimanche et \u00e0 tr\u00e8s bient\u00f4t. <img loading=\"lazy\" decoding=\"async\" height=\"16\" width=\"16\" alt=\"\ud83c\udf38\" src=\"https:\/\/static.xx.fbcdn.net\/images\/emoji.php\/v9\/tf0\/1\/16\/1f338.png\"><\/p>\n\n\n<div class=\"wp-block-image\">\n<figure class=\"aligncenter size-large\"><img data-recalc-dims=\"1\" loading=\"lazy\" decoding=\"async\" width=\"731\" height=\"1024\" data-attachment-id=\"1056\" data-permalink=\"https:\/\/serresdebelair.fr\/index.php\/2025\/03\/25\/bonjour-a-toutes-je-vous-invite-a-venir-decouvrir-la-nouvelle-collection-printemps-ete-mazelie-des-chaussures-belles-et-stylees-mais-avant-tout-confortables-et-durables-et-des-accessoires-tendance\/485731033_3460649417398340_5598221950121601123_n\/\" data-orig-file=\"https:\/\/i0.wp.com\/serresdebelair.fr\/wp-content\/uploads\/2025\/03\/485731033_3460649417398340_5598221950121601123_n.jpg?fit=1170%2C1640&amp;ssl=1\" data-orig-size=\"1170,1640\" data-comments-opened=\"0\" data-image-title=\"485731033_3460649417398340_5598221950121601123_n\" data-image-description=\"\" data-image-caption=\"\" data-large-file=\"https:\/\/i0.wp.com\/serresdebelair.fr\/wp-content\/uploads\/2025\/03\/485731033_3460649417398340_5598221950121601123_n.jpg?fit=731%2C1024&amp;ssl=1\" src=\"https:\/\/i0.wp.com\/serresdebelair.fr\/wp-content\/uploads\/2025\/03\/485731033_3460649417398340_5598221950121601123_n-731x1024.jpg?resize=731%2C1024&#038;ssl=1\" alt=\"\" class=\"wp-image-1056\" srcset=\"https:\/\/i0.wp.com\/serresdebelair.fr\/wp-content\/uploads\/2025\/03\/485731033_3460649417398340_5598221950121601123_n.jpg?resize=731%2C1024&amp;ssl=1 731w, https:\/\/i0.wp.com\/serresdebelair.fr\/wp-content\/uploads\/2025\/03\/485731033_3460649417398340_5598221950121601123_n.jpg?resize=214%2C300&amp;ssl=1 214w, https:\/\/i0.wp.com\/serresdebelair.fr\/wp-content\/uploads\/2025\/03\/485731033_3460649417398340_5598221950121601123_n.jpg?resize=768%2C1077&amp;ssl=1 768w, https:\/\/i0.wp.com\/serresdebelair.fr\/wp-content\/uploads\/2025\/03\/485731033_3460649417398340_5598221950121601123_n.jpg?resize=1096%2C1536&amp;ssl=1 1096w, https:\/\/i0.wp.com\/serresdebelair.fr\/wp-content\/uploads\/2025\/03\/485731033_3460649417398340_5598221950121601123_n.jpg?w=1170&amp;ssl=1 1170w\" sizes=\"auto, (max-width: 731px) 100vw, 731px\" \/><\/figure>\n<\/div>","protected":false},"excerpt":{"rendered":"<p>Venez \u00e9galement d\u00e9couvrir les diff\u00e9rents univers de Alia Nature. Des eaux de parfums de qualit\u00e9 les Petites Essences \u00e0 prix doux, r\u00e9alis\u00e9es avec des concentr\u00e9s issus de Grasse. Des bougies 100% v\u00e9g\u00e9tales et 100% fabriqu\u00e9es en France, garanties sans OGM et sans additif. Des bijoux de qualit\u00e9 et originaux \u00e0 travers 4 marques Zabok, Carasaga,&#8230; <\/p>\n<div class=\"link-more\"><a href=\"https:\/\/serresdebelair.fr\/index.php\/2025\/03\/25\/bonjour-a-toutes-je-vous-invite-a-venir-decouvrir-la-nouvelle-collection-printemps-ete-mazelie-des-chaussures-belles-et-stylees-mais-avant-tout-confortables-et-durables-et-des-accessoires-tendance\/\">En savoir plus<\/a><\/div>\n","protected":false},"author":1,"featured_media":1056,"comment_status":"closed","ping_status":"closed","sticky":false,"template":"","format":"standard","meta":{"_jetpack_newsletter_access":"","_jetpack_dont_email_post_to_subs":false,"_jetpack_newsletter_tier_id":0,"_jetpack_memberships_contains_paywalled_content":false,"_jetpack_feature_clip_id":0,"_jetpack_memberships_contains_paid_content":false,"footnotes":"","jetpack_publicize_message":"","jetpack_publicize_feature_enabled":true,"jetpack_social_post_already_shared":true,"jetpack_social_options":{"image_generator_settings":{"template":"highway","default_image_id":0,"font":"","enabled":false},"version":2},"jetpack_post_was_ever_published":false},"categories":[1],"tags":[],"class_list":["post-1055","post","type-post","status-publish","format-standard","has-post-thumbnail","hentry","category-non-classe"],"yoast_head":"<!-- This site is optimized with the Yoast SEO plugin v28.3 - https:\/\/yoast.com\/product\/yoast-seo-wordpress\/ -->\n<title>Bonjour \u00e0 toutes, je vous invite \u00e0 venir d\u00e9couvrir la nouvelle collection Printemps \u00c9t\u00e9 Maz\u00e9lie, des chaussures belles et styl\u00e9es mais avant tout confortables et durables et des accessoires tendance. -<\/title>\n<meta name=\"robots\" content=\"index, follow, max-snippet:-1, max-image-preview:large, max-video-preview:-1\" \/>\n<link rel=\"canonical\" href=\"https:\/\/serresdebelair.fr\/index.php\/2025\/03\/25\/bonjour-a-toutes-je-vous-invite-a-venir-decouvrir-la-nouvelle-collection-printemps-ete-mazelie-des-chaussures-belles-et-stylees-mais-avant-tout-confortables-et-durables-et-des-accessoires-tendance\/\" \/>\n<meta property=\"og:locale\" content=\"fr_FR\" \/>\n<meta property=\"og:type\" content=\"article\" \/>\n<meta property=\"og:title\" content=\"Bonjour \u00e0 toutes, je vous invite \u00e0 venir d\u00e9couvrir la nouvelle collection Printemps \u00c9t\u00e9 Maz\u00e9lie, des chaussures belles et styl\u00e9es mais avant tout confortables et durables et des accessoires tendance. -\" \/>\n<meta property=\"og:description\" content=\"Venez \u00e9galement d\u00e9couvrir les diff\u00e9rents univers de Alia Nature. Des eaux de parfums de qualit\u00e9 les Petites Essences \u00e0 prix doux, r\u00e9alis\u00e9es avec des concentr\u00e9s issus de Grasse. Des bougies 100% v\u00e9g\u00e9tales et 100% fabriqu\u00e9es en France, garanties sans OGM et sans additif. Des bijoux de qualit\u00e9 et originaux \u00e0 travers 4 marques Zabok, Carasaga,... En savoir plus\" \/>\n<meta property=\"og:url\" content=\"https:\/\/serresdebelair.fr\/index.php\/2025\/03\/25\/bonjour-a-toutes-je-vous-invite-a-venir-decouvrir-la-nouvelle-collection-printemps-ete-mazelie-des-chaussures-belles-et-stylees-mais-avant-tout-confortables-et-durables-et-des-accessoires-tendance\/\" \/>\n<meta property=\"article:publisher\" content=\"https:\/\/www.facebook.com\/serresdebelair\" \/>\n<meta property=\"article:published_time\" content=\"2025-03-25T17:37:53+00:00\" \/>\n<meta property=\"article:modified_time\" content=\"2025-03-25T17:37:54+00:00\" \/>\n<meta property=\"og:image\" content=\"https:\/\/i0.wp.com\/serresdebelair.fr\/wp-content\/uploads\/2025\/03\/485731033_3460649417398340_5598221950121601123_n.jpg?fit=1170%2C1640&ssl=1\" \/>\n\t<meta property=\"og:image:width\" content=\"1170\" \/>\n\t<meta property=\"og:image:height\" content=\"1640\" \/>\n\t<meta property=\"og:image:type\" content=\"image\/jpeg\" \/>\n<meta name=\"author\" content=\"Laurent\" \/>\n<meta name=\"twitter:card\" content=\"summary_large_image\" \/>\n<meta name=\"twitter:label1\" content=\"\u00c9crit par\" \/>\n\t<meta name=\"twitter:data1\" content=\"Laurent\" \/>\n\t<meta name=\"twitter:label2\" content=\"Dur\u00e9e de lecture estim\u00e9e\" \/>\n\t<meta name=\"twitter:data2\" content=\"4 minutes\" \/>\n<script type=\"application\/ld+json\" class=\"yoast-schema-graph\">{\"@context\":\"https:\\\/\\\/schema.org\",\"@graph\":[{\"@type\":\"Article\",\"@id\":\"https:\\\/\\\/serresdebelair.fr\\\/index.php\\\/2025\\\/03\\\/25\\\/bonjour-a-toutes-je-vous-invite-a-venir-decouvrir-la-nouvelle-collection-printemps-ete-mazelie-des-chaussures-belles-et-stylees-mais-avant-tout-confortables-et-durables-et-des-accessoires-tendance\\\/#article\",\"isPartOf\":{\"@id\":\"https:\\\/\\\/serresdebelair.fr\\\/index.php\\\/2025\\\/03\\\/25\\\/bonjour-a-toutes-je-vous-invite-a-venir-decouvrir-la-nouvelle-collection-printemps-ete-mazelie-des-chaussures-belles-et-stylees-mais-avant-tout-confortables-et-durables-et-des-accessoires-tendance\\\/\"},\"author\":{\"name\":\"Laurent\",\"@id\":\"https:\\\/\\\/serresdebelair.fr\\\/#\\\/schema\\\/person\\\/c4f3855df30f6438b879b3292b036e56\"},\"headline\":\"Bonjour \u00e0 toutes, je vous invite \u00e0 venir d\u00e9couvrir la nouvelle collection Printemps \u00c9t\u00e9 Maz\u00e9lie, des chaussures belles et styl\u00e9es mais avant tout confortables et durables et des accessoires tendance.\",\"datePublished\":\"2025-03-25T17:37:53+00:00\",\"dateModified\":\"2025-03-25T17:37:54+00:00\",\"mainEntityOfPage\":{\"@id\":\"https:\\\/\\\/serresdebelair.fr\\\/index.php\\\/2025\\\/03\\\/25\\\/bonjour-a-toutes-je-vous-invite-a-venir-decouvrir-la-nouvelle-collection-printemps-ete-mazelie-des-chaussures-belles-et-stylees-mais-avant-tout-confortables-et-durables-et-des-accessoires-tendance\\\/\"},\"wordCount\":245,\"publisher\":{\"@id\":\"https:\\\/\\\/serresdebelair.fr\\\/#organization\"},\"image\":{\"@id\":\"https:\\\/\\\/serresdebelair.fr\\\/index.php\\\/2025\\\/03\\\/25\\\/bonjour-a-toutes-je-vous-invite-a-venir-decouvrir-la-nouvelle-collection-printemps-ete-mazelie-des-chaussures-belles-et-stylees-mais-avant-tout-confortables-et-durables-et-des-accessoires-tendance\\\/#primaryimage\"},\"thumbnailUrl\":\"https:\\\/\\\/i0.wp.com\\\/serresdebelair.fr\\\/wp-content\\\/uploads\\\/2025\\\/03\\\/485731033_3460649417398340_5598221950121601123_n.jpg?fit=1170%2C1640&ssl=1\",\"inLanguage\":\"fr-FR\"},{\"@type\":\"WebPage\",\"@id\":\"https:\\\/\\\/serresdebelair.fr\\\/index.php\\\/2025\\\/03\\\/25\\\/bonjour-a-toutes-je-vous-invite-a-venir-decouvrir-la-nouvelle-collection-printemps-ete-mazelie-des-chaussures-belles-et-stylees-mais-avant-tout-confortables-et-durables-et-des-accessoires-tendance\\\/\",\"url\":\"https:\\\/\\\/serresdebelair.fr\\\/index.php\\\/2025\\\/03\\\/25\\\/bonjour-a-toutes-je-vous-invite-a-venir-decouvrir-la-nouvelle-collection-printemps-ete-mazelie-des-chaussures-belles-et-stylees-mais-avant-tout-confortables-et-durables-et-des-accessoires-tendance\\\/\",\"name\":\"Bonjour \u00e0 toutes, je vous invite \u00e0 venir d\u00e9couvrir la nouvelle collection Printemps \u00c9t\u00e9 Maz\u00e9lie, des chaussures belles et styl\u00e9es mais avant tout confortables et durables et des accessoires tendance. -\",\"isPartOf\":{\"@id\":\"https:\\\/\\\/serresdebelair.fr\\\/#website\"},\"primaryImageOfPage\":{\"@id\":\"https:\\\/\\\/serresdebelair.fr\\\/index.php\\\/2025\\\/03\\\/25\\\/bonjour-a-toutes-je-vous-invite-a-venir-decouvrir-la-nouvelle-collection-printemps-ete-mazelie-des-chaussures-belles-et-stylees-mais-avant-tout-confortables-et-durables-et-des-accessoires-tendance\\\/#primaryimage\"},\"image\":{\"@id\":\"https:\\\/\\\/serresdebelair.fr\\\/index.php\\\/2025\\\/03\\\/25\\\/bonjour-a-toutes-je-vous-invite-a-venir-decouvrir-la-nouvelle-collection-printemps-ete-mazelie-des-chaussures-belles-et-stylees-mais-avant-tout-confortables-et-durables-et-des-accessoires-tendance\\\/#primaryimage\"},\"thumbnailUrl\":\"https:\\\/\\\/i0.wp.com\\\/serresdebelair.fr\\\/wp-content\\\/uploads\\\/2025\\\/03\\\/485731033_3460649417398340_5598221950121601123_n.jpg?fit=1170%2C1640&ssl=1\",\"datePublished\":\"2025-03-25T17:37:53+00:00\",\"dateModified\":\"2025-03-25T17:37:54+00:00\",\"breadcrumb\":{\"@id\":\"https:\\\/\\\/serresdebelair.fr\\\/index.php\\\/2025\\\/03\\\/25\\\/bonjour-a-toutes-je-vous-invite-a-venir-decouvrir-la-nouvelle-collection-printemps-ete-mazelie-des-chaussures-belles-et-stylees-mais-avant-tout-confortables-et-durables-et-des-accessoires-tendance\\\/#breadcrumb\"},\"inLanguage\":\"fr-FR\",\"potentialAction\":[{\"@type\":\"ReadAction\",\"target\":[\"https:\\\/\\\/serresdebelair.fr\\\/index.php\\\/2025\\\/03\\\/25\\\/bonjour-a-toutes-je-vous-invite-a-venir-decouvrir-la-nouvelle-collection-printemps-ete-mazelie-des-chaussures-belles-et-stylees-mais-avant-tout-confortables-et-durables-et-des-accessoires-tendance\\\/\"]}]},{\"@type\":\"ImageObject\",\"inLanguage\":\"fr-FR\",\"@id\":\"https:\\\/\\\/serresdebelair.fr\\\/index.php\\\/2025\\\/03\\\/25\\\/bonjour-a-toutes-je-vous-invite-a-venir-decouvrir-la-nouvelle-collection-printemps-ete-mazelie-des-chaussures-belles-et-stylees-mais-avant-tout-confortables-et-durables-et-des-accessoires-tendance\\\/#primaryimage\",\"url\":\"https:\\\/\\\/i0.wp.com\\\/serresdebelair.fr\\\/wp-content\\\/uploads\\\/2025\\\/03\\\/485731033_3460649417398340_5598221950121601123_n.jpg?fit=1170%2C1640&ssl=1\",\"contentUrl\":\"https:\\\/\\\/i0.wp.com\\\/serresdebelair.fr\\\/wp-content\\\/uploads\\\/2025\\\/03\\\/485731033_3460649417398340_5598221950121601123_n.jpg?fit=1170%2C1640&ssl=1\",\"width\":1170,\"height\":1640},{\"@type\":\"BreadcrumbList\",\"@id\":\"https:\\\/\\\/serresdebelair.fr\\\/index.php\\\/2025\\\/03\\\/25\\\/bonjour-a-toutes-je-vous-invite-a-venir-decouvrir-la-nouvelle-collection-printemps-ete-mazelie-des-chaussures-belles-et-stylees-mais-avant-tout-confortables-et-durables-et-des-accessoires-tendance\\\/#breadcrumb\",\"itemListElement\":[{\"@type\":\"ListItem\",\"position\":1,\"name\":\"Accueil\",\"item\":\"https:\\\/\\\/serresdebelair.fr\\\/\"},{\"@type\":\"ListItem\",\"position\":2,\"name\":\"Bonjour \u00e0 toutes, je vous invite \u00e0 venir d\u00e9couvrir la nouvelle collection Printemps \u00c9t\u00e9 Maz\u00e9lie, des chaussures belles et styl\u00e9es mais avant tout confortables et durables et des accessoires tendance.\"}]},{\"@type\":\"WebSite\",\"@id\":\"https:\\\/\\\/serresdebelair.fr\\\/#website\",\"url\":\"https:\\\/\\\/serresdebelair.fr\\\/\",\"name\":\"Les Serres de Bel Air\",\"description\":\"Les Serres de Bel Air, horticulteur p\u00e9pini\u00e9riste depuis trois g\u00e9n\u00e9rations\",\"publisher\":{\"@id\":\"https:\\\/\\\/serresdebelair.fr\\\/#organization\"},\"potentialAction\":[{\"@type\":\"SearchAction\",\"target\":{\"@type\":\"EntryPoint\",\"urlTemplate\":\"https:\\\/\\\/serresdebelair.fr\\\/?s={search_term_string}\"},\"query-input\":{\"@type\":\"PropertyValueSpecification\",\"valueRequired\":true,\"valueName\":\"search_term_string\"}}],\"inLanguage\":\"fr-FR\"},{\"@type\":\"Organization\",\"@id\":\"https:\\\/\\\/serresdebelair.fr\\\/#organization\",\"name\":\"Les Serres de Bel Air\",\"url\":\"https:\\\/\\\/serresdebelair.fr\\\/\",\"logo\":{\"@type\":\"ImageObject\",\"inLanguage\":\"fr-FR\",\"@id\":\"https:\\\/\\\/serresdebelair.fr\\\/#\\\/schema\\\/logo\\\/image\\\/\",\"url\":\"https:\\\/\\\/i0.wp.com\\\/serresdebelair.fr\\\/wp-content\\\/uploads\\\/2024\\\/09\\\/essai.png?fit=640%2C390&ssl=1\",\"contentUrl\":\"https:\\\/\\\/i0.wp.com\\\/serresdebelair.fr\\\/wp-content\\\/uploads\\\/2024\\\/09\\\/essai.png?fit=640%2C390&ssl=1\",\"width\":640,\"height\":390,\"caption\":\"Les Serres de Bel Air\"},\"image\":{\"@id\":\"https:\\\/\\\/serresdebelair.fr\\\/#\\\/schema\\\/logo\\\/image\\\/\"},\"sameAs\":[\"https:\\\/\\\/www.facebook.com\\\/serresdebelair\"]},{\"@type\":\"Person\",\"@id\":\"https:\\\/\\\/serresdebelair.fr\\\/#\\\/schema\\\/person\\\/c4f3855df30f6438b879b3292b036e56\",\"name\":\"Laurent\",\"image\":{\"@type\":\"ImageObject\",\"inLanguage\":\"fr-FR\",\"@id\":\"https:\\\/\\\/secure.gravatar.com\\\/avatar\\\/363ee8fe6e21dfd4746e8d94edad6972dbd5ba9c31632a4d93d5c6d494f2df05?s=96&d=mm&r=g\",\"url\":\"https:\\\/\\\/secure.gravatar.com\\\/avatar\\\/363ee8fe6e21dfd4746e8d94edad6972dbd5ba9c31632a4d93d5c6d494f2df05?s=96&d=mm&r=g\",\"contentUrl\":\"https:\\\/\\\/secure.gravatar.com\\\/avatar\\\/363ee8fe6e21dfd4746e8d94edad6972dbd5ba9c31632a4d93d5c6d494f2df05?s=96&d=mm&r=g\",\"caption\":\"Laurent\"},\"sameAs\":[\"http:\\\/\\\/serresdebelair.fr\"],\"url\":\"https:\\\/\\\/serresdebelair.fr\\\/index.php\\\/author\\\/admin3947\\\/\"}]}<\/script>\n<!-- \/ Yoast SEO plugin. -->","yoast_head_json":{"title":"Bonjour \u00e0 toutes, je vous invite \u00e0 venir d\u00e9couvrir la nouvelle collection Printemps \u00c9t\u00e9 Maz\u00e9lie, des chaussures belles et styl\u00e9es mais avant tout confortables et durables et des accessoires tendance. -","robots":{"index":"index","follow":"follow","max-snippet":"max-snippet:-1","max-image-preview":"max-image-preview:large","max-video-preview":"max-video-preview:-1"},"canonical":"https:\/\/serresdebelair.fr\/index.php\/2025\/03\/25\/bonjour-a-toutes-je-vous-invite-a-venir-decouvrir-la-nouvelle-collection-printemps-ete-mazelie-des-chaussures-belles-et-stylees-mais-avant-tout-confortables-et-durables-et-des-accessoires-tendance\/","og_locale":"fr_FR","og_type":"article","og_title":"Bonjour \u00e0 toutes, je vous invite \u00e0 venir d\u00e9couvrir la nouvelle collection Printemps \u00c9t\u00e9 Maz\u00e9lie, des chaussures belles et styl\u00e9es mais avant tout confortables et durables et des accessoires tendance. -","og_description":"Venez \u00e9galement d\u00e9couvrir les diff\u00e9rents univers de Alia Nature. Des eaux de parfums de qualit\u00e9 les Petites Essences \u00e0 prix doux, r\u00e9alis\u00e9es avec des concentr\u00e9s issus de Grasse. Des bougies 100% v\u00e9g\u00e9tales et 100% fabriqu\u00e9es en France, garanties sans OGM et sans additif. Des bijoux de qualit\u00e9 et originaux \u00e0 travers 4 marques Zabok, Carasaga,... En savoir plus","og_url":"https:\/\/serresdebelair.fr\/index.php\/2025\/03\/25\/bonjour-a-toutes-je-vous-invite-a-venir-decouvrir-la-nouvelle-collection-printemps-ete-mazelie-des-chaussures-belles-et-stylees-mais-avant-tout-confortables-et-durables-et-des-accessoires-tendance\/","article_publisher":"https:\/\/www.facebook.com\/serresdebelair","article_published_time":"2025-03-25T17:37:53+00:00","article_modified_time":"2025-03-25T17:37:54+00:00","og_image":[{"width":1170,"height":1640,"url":"https:\/\/i0.wp.com\/serresdebelair.fr\/wp-content\/uploads\/2025\/03\/485731033_3460649417398340_5598221950121601123_n.jpg?fit=1170%2C1640&ssl=1","type":"image\/jpeg"}],"author":"Laurent","twitter_card":"summary_large_image","twitter_misc":{"\u00c9crit par":"Laurent","Dur\u00e9e de lecture estim\u00e9e":"4 minutes"},"schema":{"@context":"https:\/\/schema.org","@graph":[{"@type":"Article","@id":"https:\/\/serresdebelair.fr\/index.php\/2025\/03\/25\/bonjour-a-toutes-je-vous-invite-a-venir-decouvrir-la-nouvelle-collection-printemps-ete-mazelie-des-chaussures-belles-et-stylees-mais-avant-tout-confortables-et-durables-et-des-accessoires-tendance\/#article","isPartOf":{"@id":"https:\/\/serresdebelair.fr\/index.php\/2025\/03\/25\/bonjour-a-toutes-je-vous-invite-a-venir-decouvrir-la-nouvelle-collection-printemps-ete-mazelie-des-chaussures-belles-et-stylees-mais-avant-tout-confortables-et-durables-et-des-accessoires-tendance\/"},"author":{"name":"Laurent","@id":"https:\/\/serresdebelair.fr\/#\/schema\/person\/c4f3855df30f6438b879b3292b036e56"},"headline":"Bonjour \u00e0 toutes, je vous invite \u00e0 venir d\u00e9couvrir la nouvelle collection Printemps \u00c9t\u00e9 Maz\u00e9lie, des chaussures belles et styl\u00e9es mais avant tout confortables et durables et des accessoires tendance.","datePublished":"2025-03-25T17:37:53+00:00","dateModified":"2025-03-25T17:37:54+00:00","mainEntityOfPage":{"@id":"https:\/\/serresdebelair.fr\/index.php\/2025\/03\/25\/bonjour-a-toutes-je-vous-invite-a-venir-decouvrir-la-nouvelle-collection-printemps-ete-mazelie-des-chaussures-belles-et-stylees-mais-avant-tout-confortables-et-durables-et-des-accessoires-tendance\/"},"wordCount":245,"publisher":{"@id":"https:\/\/serresdebelair.fr\/#organization"},"image":{"@id":"https:\/\/serresdebelair.fr\/index.php\/2025\/03\/25\/bonjour-a-toutes-je-vous-invite-a-venir-decouvrir-la-nouvelle-collection-printemps-ete-mazelie-des-chaussures-belles-et-stylees-mais-avant-tout-confortables-et-durables-et-des-accessoires-tendance\/#primaryimage"},"thumbnailUrl":"https:\/\/i0.wp.com\/serresdebelair.fr\/wp-content\/uploads\/2025\/03\/485731033_3460649417398340_5598221950121601123_n.jpg?fit=1170%2C1640&ssl=1","inLanguage":"fr-FR"},{"@type":"WebPage","@id":"https:\/\/serresdebelair.fr\/index.php\/2025\/03\/25\/bonjour-a-toutes-je-vous-invite-a-venir-decouvrir-la-nouvelle-collection-printemps-ete-mazelie-des-chaussures-belles-et-stylees-mais-avant-tout-confortables-et-durables-et-des-accessoires-tendance\/","url":"https:\/\/serresdebelair.fr\/index.php\/2025\/03\/25\/bonjour-a-toutes-je-vous-invite-a-venir-decouvrir-la-nouvelle-collection-printemps-ete-mazelie-des-chaussures-belles-et-stylees-mais-avant-tout-confortables-et-durables-et-des-accessoires-tendance\/","name":"Bonjour \u00e0 toutes, je vous invite \u00e0 venir d\u00e9couvrir la nouvelle collection Printemps \u00c9t\u00e9 Maz\u00e9lie, des chaussures belles et styl\u00e9es mais avant tout confortables et durables et des accessoires tendance. -","isPartOf":{"@id":"https:\/\/serresdebelair.fr\/#website"},"primaryImageOfPage":{"@id":"https:\/\/serresdebelair.fr\/index.php\/2025\/03\/25\/bonjour-a-toutes-je-vous-invite-a-venir-decouvrir-la-nouvelle-collection-printemps-ete-mazelie-des-chaussures-belles-et-stylees-mais-avant-tout-confortables-et-durables-et-des-accessoires-tendance\/#primaryimage"},"image":{"@id":"https:\/\/serresdebelair.fr\/index.php\/2025\/03\/25\/bonjour-a-toutes-je-vous-invite-a-venir-decouvrir-la-nouvelle-collection-printemps-ete-mazelie-des-chaussures-belles-et-stylees-mais-avant-tout-confortables-et-durables-et-des-accessoires-tendance\/#primaryimage"},"thumbnailUrl":"https:\/\/i0.wp.com\/serresdebelair.fr\/wp-content\/uploads\/2025\/03\/485731033_3460649417398340_5598221950121601123_n.jpg?fit=1170%2C1640&ssl=1","datePublished":"2025-03-25T17:37:53+00:00","dateModified":"2025-03-25T17:37:54+00:00","breadcrumb":{"@id":"https:\/\/serresdebelair.fr\/index.php\/2025\/03\/25\/bonjour-a-toutes-je-vous-invite-a-venir-decouvrir-la-nouvelle-collection-printemps-ete-mazelie-des-chaussures-belles-et-stylees-mais-avant-tout-confortables-et-durables-et-des-accessoires-tendance\/#breadcrumb"},"inLanguage":"fr-FR","potentialAction":[{"@type":"ReadAction","target":["https:\/\/serresdebelair.fr\/index.php\/2025\/03\/25\/bonjour-a-toutes-je-vous-invite-a-venir-decouvrir-la-nouvelle-collection-printemps-ete-mazelie-des-chaussures-belles-et-stylees-mais-avant-tout-confortables-et-durables-et-des-accessoires-tendance\/"]}]},{"@type":"ImageObject","inLanguage":"fr-FR","@id":"https:\/\/serresdebelair.fr\/index.php\/2025\/03\/25\/bonjour-a-toutes-je-vous-invite-a-venir-decouvrir-la-nouvelle-collection-printemps-ete-mazelie-des-chaussures-belles-et-stylees-mais-avant-tout-confortables-et-durables-et-des-accessoires-tendance\/#primaryimage","url":"https:\/\/i0.wp.com\/serresdebelair.fr\/wp-content\/uploads\/2025\/03\/485731033_3460649417398340_5598221950121601123_n.jpg?fit=1170%2C1640&ssl=1","contentUrl":"https:\/\/i0.wp.com\/serresdebelair.fr\/wp-content\/uploads\/2025\/03\/485731033_3460649417398340_5598221950121601123_n.jpg?fit=1170%2C1640&ssl=1","width":1170,"height":1640},{"@type":"BreadcrumbList","@id":"https:\/\/serresdebelair.fr\/index.php\/2025\/03\/25\/bonjour-a-toutes-je-vous-invite-a-venir-decouvrir-la-nouvelle-collection-printemps-ete-mazelie-des-chaussures-belles-et-stylees-mais-avant-tout-confortables-et-durables-et-des-accessoires-tendance\/#breadcrumb","itemListElement":[{"@type":"ListItem","position":1,"name":"Accueil","item":"https:\/\/serresdebelair.fr\/"},{"@type":"ListItem","position":2,"name":"Bonjour \u00e0 toutes, je vous invite \u00e0 venir d\u00e9couvrir la nouvelle collection Printemps \u00c9t\u00e9 Maz\u00e9lie, des chaussures belles et styl\u00e9es mais avant tout confortables et durables et des accessoires tendance."}]},{"@type":"WebSite","@id":"https:\/\/serresdebelair.fr\/#website","url":"https:\/\/serresdebelair.fr\/","name":"Les Serres de Bel Air","description":"Les Serres de Bel Air, horticulteur p\u00e9pini\u00e9riste depuis trois g\u00e9n\u00e9rations","publisher":{"@id":"https:\/\/serresdebelair.fr\/#organization"},"potentialAction":[{"@type":"SearchAction","target":{"@type":"EntryPoint","urlTemplate":"https:\/\/serresdebelair.fr\/?s={search_term_string}"},"query-input":{"@type":"PropertyValueSpecification","valueRequired":true,"valueName":"search_term_string"}}],"inLanguage":"fr-FR"},{"@type":"Organization","@id":"https:\/\/serresdebelair.fr\/#organization","name":"Les Serres de Bel Air","url":"https:\/\/serresdebelair.fr\/","logo":{"@type":"ImageObject","inLanguage":"fr-FR","@id":"https:\/\/serresdebelair.fr\/#\/schema\/logo\/image\/","url":"https:\/\/i0.wp.com\/serresdebelair.fr\/wp-content\/uploads\/2024\/09\/essai.png?fit=640%2C390&ssl=1","contentUrl":"https:\/\/i0.wp.com\/serresdebelair.fr\/wp-content\/uploads\/2024\/09\/essai.png?fit=640%2C390&ssl=1","width":640,"height":390,"caption":"Les Serres de Bel Air"},"image":{"@id":"https:\/\/serresdebelair.fr\/#\/schema\/logo\/image\/"},"sameAs":["https:\/\/www.facebook.com\/serresdebelair"]},{"@type":"Person","@id":"https:\/\/serresdebelair.fr\/#\/schema\/person\/c4f3855df30f6438b879b3292b036e56","name":"Laurent","image":{"@type":"ImageObject","inLanguage":"fr-FR","@id":"https:\/\/secure.gravatar.com\/avatar\/363ee8fe6e21dfd4746e8d94edad6972dbd5ba9c31632a4d93d5c6d494f2df05?s=96&d=mm&r=g","url":"https:\/\/secure.gravatar.com\/avatar\/363ee8fe6e21dfd4746e8d94edad6972dbd5ba9c31632a4d93d5c6d494f2df05?s=96&d=mm&r=g","contentUrl":"https:\/\/secure.gravatar.com\/avatar\/363ee8fe6e21dfd4746e8d94edad6972dbd5ba9c31632a4d93d5c6d494f2df05?s=96&d=mm&r=g","caption":"Laurent"},"sameAs":["http:\/\/serresdebelair.fr"],"url":"https:\/\/serresdebelair.fr\/index.php\/author\/admin3947\/"}]}},"jetpack_publicize_connections":[],"jetpack_sharing_enabled":true,"jetpack_featured_media_url":"https:\/\/i0.wp.com\/serresdebelair.fr\/wp-content\/uploads\/2025\/03\/485731033_3460649417398340_5598221950121601123_n.jpg?fit=1170%2C1640&ssl=1","_links":{"self":[{"href":"https:\/\/serresdebelair.fr\/index.php\/wp-json\/wp\/v2\/posts\/1055","targetHints":{"allow":["GET"]}}],"collection":[{"href":"https:\/\/serresdebelair.fr\/index.php\/wp-json\/wp\/v2\/posts"}],"about":[{"href":"https:\/\/serresdebelair.fr\/index.php\/wp-json\/wp\/v2\/types\/post"}],"author":[{"embeddable":true,"href":"https:\/\/serresdebelair.fr\/index.php\/wp-json\/wp\/v2\/users\/1"}],"replies":[{"embeddable":true,"href":"https:\/\/serresdebelair.fr\/index.php\/wp-json\/wp\/v2\/comments?post=1055"}],"version-history":[{"count":1,"href":"https:\/\/serresdebelair.fr\/index.php\/wp-json\/wp\/v2\/posts\/1055\/revisions"}],"predecessor-version":[{"id":1057,"href":"https:\/\/serresdebelair.fr\/index.php\/wp-json\/wp\/v2\/posts\/1055\/revisions\/1057"}],"wp:featuredmedia":[{"embeddable":true,"href":"https:\/\/serresdebelair.fr\/index.php\/wp-json\/wp\/v2\/media\/1056"}],"wp:attachment":[{"href":"https:\/\/serresdebelair.fr\/index.php\/wp-json\/wp\/v2\/media?parent=1055"}],"wp:term":[{"taxonomy":"category","embeddable":true,"href":"https:\/\/serresdebelair.fr\/index.php\/wp-json\/wp\/v2\/categories?post=1055"},{"taxonomy":"post_tag","embeddable":true,"href":"https:\/\/serresdebelair.fr\/index.php\/wp-json\/wp\/v2\/tags?post=1055"}],"curies":[{"name":"wp","href":"https:\/\/api.w.org\/{rel}","templated":true}]}}